{"id":1989,"date":"2026-04-24T12:57:26","date_gmt":"2026-04-24T15:57:26","guid":{"rendered":"https:\/\/web.sanjuan.gob.ar\/tribunaldecuentas\/?p=1989"},"modified":"2026-04-24T12:57:28","modified_gmt":"2026-04-24T15:57:28","slug":"el-tribunal-de-cuentas-impulsa-la-invistigacion-en-el-control-de-obra-publica-con-una-vision-interdisciplinaria-y-tecnologica","status":"publish","type":"post","link":"https:\/\/web.sanjuan.gob.ar\/tribunaldecuentas\/2026\/04\/24\/el-tribunal-de-cuentas-impulsa-la-invistigacion-en-el-control-de-obra-publica-con-una-vision-interdisciplinaria-y-tecnologica\/","title":{"rendered":"EL TRIBUNAL DE CUENTAS IMPULSA LA INVISTIGACI\u00d3N EN EL CONTROL DE OBRA P\u00daBLICA CON UNA VISI\u00d3N INTERDISCIPLINARIA Y TECNOL\u00d3GICA"},"content":{"rendered":"\n<p>En la jornada del jueves 23 de abril, el <strong>Tribunal de Cuentas de San Juan<\/strong> llev\u00f3 a cabo una reuni\u00f3n clave de la <strong>Comisi\u00f3n de Investigaci\u00f3n del Control de Obra P\u00fablica<\/strong> del Instituto de Estudios T\u00e9cnicos e Investigaciones (IETeI). El encuentro tuvo como prop\u00f3sito central definir el estado de situaci\u00f3n de las investigaciones en curso y profundizar en los ejes tem\u00e1ticos que guiar\u00e1n la labor del organismo durante este ciclo.<\/p>\n\n\n\n<p>La apertura de la actividad estuvo a cargo del presidente del organismo, <strong>Dr. Pablo Garc\u00eda Nieto<\/strong>, quien estableci\u00f3 los lineamientos del Tribunal de Cuentas para el abordaje interdisciplinario de auditor\u00edas como una mirada hacia adelante.<\/p>\n\n\n\n<p>La conformaci\u00f3n de esta Comisi\u00f3n responde a la <strong>Resoluci\u00f3n D.G. IETEI N\u00ba: 01\/2025<\/strong>, la cual establece un equipo de investigaci\u00f3n interdisciplinario e interjurisdiccional. El grupo de trabajo est\u00e1 integrado por profesionales del <strong>Tribunal de Cuentas de la provincia de San Juan<\/strong> \u2014entre ellos Fernando Arturo Orelo, Marcela Fabiana Olmos, Mar\u00eda Celia Ferrer, Fernando Jos\u00e9 Luis Giarrocco, Dar\u00edo Emilio Reta y Mar\u00eda Gabriela S\u00e1nchez Montilla\u2014 junto a representantes de otros puntos del pa\u00eds, como Alejandra Isabel Trimmeliti, del <strong>Tribunal de Cuentas de la provincia de Buenos Aires<\/strong>.<\/p>\n\n\n\n<p>Durante el desarrollo de la reuni\u00f3n, se analiz\u00f3 el avance de la planificaci\u00f3n para este 2026, la cual propone generar ensayos y documentos t\u00e9cnicos para ser presentados en el pr\u00f3ximo Congreso del \u00e1rea. Entre los pilares fundamentales que se discutieron para fortalecer el Control Externo se encuentran:<\/p>\n\n\n\n<ul class=\"wp-block-list\">\n<li><strong>Interprofesionalidad:<\/strong> La incorporaci\u00f3n de especialistas t\u00e9cnicos como arquitectos e ingenieros para complementar la auditor\u00eda contable y legal tradicional.<\/li>\n\n\n\n<li><strong>Integralidad del Control:<\/strong> El abordaje de los desaf\u00edos del Control en sus etapas <strong>previa, concomitante y posterior<\/strong>.<\/li>\n\n\n\n<li><strong>Innovaci\u00f3n Tecnol\u00f3gica:<\/strong> El estudio y aplicaci\u00f3n de <strong>nuevas tecnolog\u00edas<\/strong>, tales como la <strong>Inteligencia Artificial (IA)<\/strong> y el <strong>blockchain<\/strong>, para garantizar la seguridad y trazabilidad de los datos.<\/li>\n\n\n\n<li><strong>Participaci\u00f3n Ciudadana:<\/strong> El fortalecimiento del rol del ciudadano como aportante de informaci\u00f3n valiosa para los procesos de fiscalizaci\u00f3n.<\/li>\n<\/ul>\n\n\n\n<p>Con este encuentro, el Tribunal de Cuentas reafirma su compromiso con la <strong>eficiencia del gasto, la legalidad de los procesos y la transparencia<\/strong> en el uso de los fondos p\u00fablicos, promoviendo espacios acad\u00e9micos para difundir estos conocimientos<\/p>\n\n\n\n<figure class=\"wp-block-gallery has-nested-images columns-default is-cropped wp-block-gallery-1 is-layout-flex wp-block-gallery-is-layout-flex\">\n<figure class=\"wp-block-image size-large\"><img loading=\"lazy\" decoding=\"async\" width=\"1200\" height=\"836\" data-id=\"1993\" src=\"https:\/\/web.sanjuan.gob.ar\/tribunaldecuentas\/wp-content\/uploads\/sites\/19\/2026\/04\/IMG-20260424-WA0011-1200x836.jpg\" alt=\"\" class=\"wp-image-1993\" srcset=\"https:\/\/web.sanjuan.gob.ar\/tribunaldecuentas\/wp-content\/uploads\/sites\/19\/2026\/04\/IMG-20260424-WA0011-1200x836.jpg 1200w, https:\/\/web.sanjuan.gob.ar\/tribunaldecuentas\/wp-content\/uploads\/sites\/19\/2026\/04\/IMG-20260424-WA0011-700x488.jpg 700w, https:\/\/web.sanjuan.gob.ar\/tribunaldecuentas\/wp-content\/uploads\/sites\/19\/2026\/04\/IMG-20260424-WA0011-300x209.jpg 300w, https:\/\/web.sanjuan.gob.ar\/tribunaldecuentas\/wp-content\/uploads\/sites\/19\/2026\/04\/IMG-20260424-WA0011-768x535.jpg 768w, https:\/\/web.sanjuan.gob.ar\/tribunaldecuentas\/wp-content\/uploads\/sites\/19\/2026\/04\/IMG-20260424-WA0011-705x491.jpg 705w, https:\/\/web.sanjuan.gob.ar\/tribunaldecuentas\/wp-content\/uploads\/sites\/19\/2026\/04\/IMG-20260424-WA0011.jpg 1300w\" sizes=\"auto, (max-width: 1200px) 100vw, 1200px\" \/><\/figure>\n\n\n\n<figure class=\"wp-block-image size-large\"><img loading=\"lazy\" decoding=\"async\" width=\"1200\" height=\"810\" data-id=\"1992\" src=\"https:\/\/web.sanjuan.gob.ar\/tribunaldecuentas\/wp-content\/uploads\/sites\/19\/2026\/04\/IMG-20260424-WA0012-1200x810.jpg\" alt=\"\" class=\"wp-image-1992\" srcset=\"https:\/\/web.sanjuan.gob.ar\/tribunaldecuentas\/wp-content\/uploads\/sites\/19\/2026\/04\/IMG-20260424-WA0012-1200x810.jpg 1200w, https:\/\/web.sanjuan.gob.ar\/tribunaldecuentas\/wp-content\/uploads\/sites\/19\/2026\/04\/IMG-20260424-WA0012-700x473.jpg 700w, https:\/\/web.sanjuan.gob.ar\/tribunaldecuentas\/wp-content\/uploads\/sites\/19\/2026\/04\/IMG-20260424-WA0012-300x203.jpg 300w, https:\/\/web.sanjuan.gob.ar\/tribunaldecuentas\/wp-content\/uploads\/sites\/19\/2026\/04\/IMG-20260424-WA0012-768x519.jpg 768w, https:\/\/web.sanjuan.gob.ar\/tribunaldecuentas\/wp-content\/uploads\/sites\/19\/2026\/04\/IMG-20260424-WA0012-705x476.jpg 705w, https:\/\/web.sanjuan.gob.ar\/tribunaldecuentas\/wp-content\/uploads\/sites\/19\/2026\/04\/IMG-20260424-WA0012.jpg 1300w\" sizes=\"auto, (max-width: 1200px) 100vw, 1200px\" \/><\/figure>\n\n\n\n<figure class=\"wp-block-image size-large\"><img loading=\"lazy\" decoding=\"async\" width=\"1200\" height=\"882\" data-id=\"1991\" src=\"https:\/\/web.sanjuan.gob.ar\/tribunaldecuentas\/wp-content\/uploads\/sites\/19\/2026\/04\/IMG-20260424-WA0013-1200x882.jpg\" alt=\"\" class=\"wp-image-1991\" srcset=\"https:\/\/web.sanjuan.gob.ar\/tribunaldecuentas\/wp-content\/uploads\/sites\/19\/2026\/04\/IMG-20260424-WA0013-1200x882.jpg 1200w, https:\/\/web.sanjuan.gob.ar\/tribunaldecuentas\/wp-content\/uploads\/sites\/19\/2026\/04\/IMG-20260424-WA0013-700x515.jpg 700w, https:\/\/web.sanjuan.gob.ar\/tribunaldecuentas\/wp-content\/uploads\/sites\/19\/2026\/04\/IMG-20260424-WA0013-300x221.jpg 300w, https:\/\/web.sanjuan.gob.ar\/tribunaldecuentas\/wp-content\/uploads\/sites\/19\/2026\/04\/IMG-20260424-WA0013-768x565.jpg 768w, https:\/\/web.sanjuan.gob.ar\/tribunaldecuentas\/wp-content\/uploads\/sites\/19\/2026\/04\/IMG-20260424-WA0013-705x518.jpg 705w, https:\/\/web.sanjuan.gob.ar\/tribunaldecuentas\/wp-content\/uploads\/sites\/19\/2026\/04\/IMG-20260424-WA0013.jpg 1300w\" sizes=\"auto, (max-width: 1200px) 100vw, 1200px\" \/><\/figure>\n<\/figure>\n\n\n\n<p><\/p>\n","protected":false},"excerpt":{"rendered":"<p>En la jornada del jueves 23 de abril, el Tribunal de Cuentas de San Juan llev\u00f3 a cabo una reuni\u00f3n clave de la Comisi\u00f3n de Investigaci\u00f3n del Control de Obra P\u00fablica del Instituto de Estudios T\u00e9cnicos e Investigaciones (IETeI). El encuentro tuvo como prop\u00f3sito central definir el estado de situaci\u00f3n de las investigaciones en curso [&hellip;]<\/p>\n","protected":false},"author":39,"featured_media":1990,"comment_status":"open","ping_status":"open","sticky":false,"template":"","format":"standard","meta":{"footnotes":""},"categories":[28],"tags":[],"class_list":["post-1989","post","type-post","status-publish","format-standard","has-post-thumbnail","hentry","category-noticias"],"_links":{"self":[{"href":"https:\/\/web.sanjuan.gob.ar\/tribunaldecuentas\/wp-json\/wp\/v2\/posts\/1989","targetHints":{"allow":["GET"]}}],"collection":[{"href":"https:\/\/web.sanjuan.gob.ar\/tribunaldecuentas\/wp-json\/wp\/v2\/posts"}],"about":[{"href":"https:\/\/web.sanjuan.gob.ar\/tribunaldecuentas\/wp-json\/wp\/v2\/types\/post"}],"author":[{"embeddable":true,"href":"https:\/\/web.sanjuan.gob.ar\/tribunaldecuentas\/wp-json\/wp\/v2\/users\/39"}],"replies":[{"embeddable":true,"href":"https:\/\/web.sanjuan.gob.ar\/tribunaldecuentas\/wp-json\/wp\/v2\/comments?post=1989"}],"version-history":[{"count":1,"href":"https:\/\/web.sanjuan.gob.ar\/tribunaldecuentas\/wp-json\/wp\/v2\/posts\/1989\/revisions"}],"predecessor-version":[{"id":1994,"href":"https:\/\/web.sanjuan.gob.ar\/tribunaldecuentas\/wp-json\/wp\/v2\/posts\/1989\/revisions\/1994"}],"wp:featuredmedia":[{"embeddable":true,"href":"https:\/\/web.sanjuan.gob.ar\/tribunaldecuentas\/wp-json\/wp\/v2\/media\/1990"}],"wp:attachment":[{"href":"https:\/\/web.sanjuan.gob.ar\/tribunaldecuentas\/wp-json\/wp\/v2\/media?parent=1989"}],"wp:term":[{"taxonomy":"category","embeddable":true,"href":"https:\/\/web.sanjuan.gob.ar\/tribunaldecuentas\/wp-json\/wp\/v2\/categories?post=1989"},{"taxonomy":"post_tag","embeddable":true,"href":"https:\/\/web.sanjuan.gob.ar\/tribunaldecuentas\/wp-json\/wp\/v2\/tags?post=1989"}],"curies":[{"name":"wp","href":"https:\/\/api.w.org\/{rel}","templated":true}]}}