{"id":1996,"date":"2026-04-28T13:14:38","date_gmt":"2026-04-28T16:14:38","guid":{"rendered":"https:\/\/web.sanjuan.gob.ar\/tribunaldecuentas\/?p=1996"},"modified":"2026-04-28T13:14:41","modified_gmt":"2026-04-28T16:14:41","slug":"el-tribunal-de-cuentas-fortalece-su-modernizacion-digital-con-una-nueva-capacitacion","status":"publish","type":"post","link":"https:\/\/web.sanjuan.gob.ar\/tribunaldecuentas\/2026\/04\/28\/el-tribunal-de-cuentas-fortalece-su-modernizacion-digital-con-una-nueva-capacitacion\/","title":{"rendered":"EL TRIBUNAL DE CUENTAS FORTALECE SU MODERNIZACI\u00d3N DIGITAL CON UNA NUEVA CAPACITACI\u00d3N"},"content":{"rendered":"\n<p>Durante la jornada de hoy, el Tribunal de Cuentas de la Provincia de San Juan llev\u00f3 adelante una capacitaci\u00f3n de modernizaci\u00f3n digital. La misma estuvo orientada al manejo de herramientas inform\u00e1ticas para su P\u00e1gina Web Institucional.<\/p>\n\n\n\n<p>En el marco del compromiso con la innovaci\u00f3n y la mejora continua, la actividad busc\u00f3 incorporar nuevas habilidades para optimizar sus canales de comunicaci\u00f3n con la ciudadan\u00eda.&nbsp;<\/p>\n\n\n\n<p>La capacitaci\u00f3n se desarroll\u00f3 en la Sala de Computadoras del Centro C\u00edvico, donde el personal del organismo obtuvo conocimientos&nbsp; pr\u00e1cticos sobre la administraci\u00f3n&nbsp; del sitio web y la realizaci\u00f3n de copias de seguridad, fundamentales para garantizar la integridad y disponibilidad de la informaci\u00f3n. El Organismo apunta a brindar un servicio m\u00e1s \u00e1gil, accesible y transparente para los sanjuaninos&nbsp;<\/p>\n\n\n\n<p>De esta manera, el Tribunal de Cuentas en un contexto de actualizaci\u00f3n y demanda digital constante reafirm\u00f3 su compromiso con la modernizaci\u00f3n del Estado. Impulsando acciones que fortalecen la calidad institucional y consolidan un v\u00ednculo m\u00e1s cercano con la sociedad.<\/p>\n\n\n\n<figure class=\"wp-block-gallery has-nested-images columns-default is-cropped wp-block-gallery-1 is-layout-flex wp-block-gallery-is-layout-flex\">\n<figure class=\"wp-block-image size-large\"><img loading=\"lazy\" decoding=\"async\" width=\"1200\" height=\"610\" data-id=\"2002\" src=\"https:\/\/web.sanjuan.gob.ar\/tribunaldecuentas\/wp-content\/uploads\/sites\/19\/2026\/04\/IMG-20260428-WA0002-1200x610.jpg\" alt=\"\" class=\"wp-image-2002\" srcset=\"https:\/\/web.sanjuan.gob.ar\/tribunaldecuentas\/wp-content\/uploads\/sites\/19\/2026\/04\/IMG-20260428-WA0002-1200x610.jpg 1200w, https:\/\/web.sanjuan.gob.ar\/tribunaldecuentas\/wp-content\/uploads\/sites\/19\/2026\/04\/IMG-20260428-WA0002-700x356.jpg 700w, https:\/\/web.sanjuan.gob.ar\/tribunaldecuentas\/wp-content\/uploads\/sites\/19\/2026\/04\/IMG-20260428-WA0002-300x153.jpg 300w, https:\/\/web.sanjuan.gob.ar\/tribunaldecuentas\/wp-content\/uploads\/sites\/19\/2026\/04\/IMG-20260428-WA0002-768x390.jpg 768w, https:\/\/web.sanjuan.gob.ar\/tribunaldecuentas\/wp-content\/uploads\/sites\/19\/2026\/04\/IMG-20260428-WA0002-705x358.jpg 705w, https:\/\/web.sanjuan.gob.ar\/tribunaldecuentas\/wp-content\/uploads\/sites\/19\/2026\/04\/IMG-20260428-WA0002.jpg 1300w\" sizes=\"auto, (max-width: 1200px) 100vw, 1200px\" \/><\/figure>\n\n\n\n<figure class=\"wp-block-image size-large\"><img loading=\"lazy\" decoding=\"async\" width=\"1200\" height=\"640\" data-id=\"2001\" src=\"https:\/\/web.sanjuan.gob.ar\/tribunaldecuentas\/wp-content\/uploads\/sites\/19\/2026\/04\/IMG-20260428-WA0003-1-1200x640.jpg\" alt=\"\" class=\"wp-image-2001\" srcset=\"https:\/\/web.sanjuan.gob.ar\/tribunaldecuentas\/wp-content\/uploads\/sites\/19\/2026\/04\/IMG-20260428-WA0003-1-1200x640.jpg 1200w, https:\/\/web.sanjuan.gob.ar\/tribunaldecuentas\/wp-content\/uploads\/sites\/19\/2026\/04\/IMG-20260428-WA0003-1-700x373.jpg 700w, https:\/\/web.sanjuan.gob.ar\/tribunaldecuentas\/wp-content\/uploads\/sites\/19\/2026\/04\/IMG-20260428-WA0003-1-300x160.jpg 300w, https:\/\/web.sanjuan.gob.ar\/tribunaldecuentas\/wp-content\/uploads\/sites\/19\/2026\/04\/IMG-20260428-WA0003-1-768x409.jpg 768w, https:\/\/web.sanjuan.gob.ar\/tribunaldecuentas\/wp-content\/uploads\/sites\/19\/2026\/04\/IMG-20260428-WA0003-1-705x376.jpg 705w, https:\/\/web.sanjuan.gob.ar\/tribunaldecuentas\/wp-content\/uploads\/sites\/19\/2026\/04\/IMG-20260428-WA0003-1.jpg 1300w\" sizes=\"auto, (max-width: 1200px) 100vw, 1200px\" \/><\/figure>\n\n\n\n<figure class=\"wp-block-image size-large\"><img loading=\"lazy\" decoding=\"async\" width=\"1200\" height=\"573\" data-id=\"2003\" src=\"https:\/\/web.sanjuan.gob.ar\/tribunaldecuentas\/wp-content\/uploads\/sites\/19\/2026\/04\/IMG-20260428-WA0005-1-1200x573.jpg\" alt=\"\" class=\"wp-image-2003\" srcset=\"https:\/\/web.sanjuan.gob.ar\/tribunaldecuentas\/wp-content\/uploads\/sites\/19\/2026\/04\/IMG-20260428-WA0005-1-1200x573.jpg 1200w, https:\/\/web.sanjuan.gob.ar\/tribunaldecuentas\/wp-content\/uploads\/sites\/19\/2026\/04\/IMG-20260428-WA0005-1-700x334.jpg 700w, https:\/\/web.sanjuan.gob.ar\/tribunaldecuentas\/wp-content\/uploads\/sites\/19\/2026\/04\/IMG-20260428-WA0005-1-300x143.jpg 300w, https:\/\/web.sanjuan.gob.ar\/tribunaldecuentas\/wp-content\/uploads\/sites\/19\/2026\/04\/IMG-20260428-WA0005-1-768x367.jpg 768w, https:\/\/web.sanjuan.gob.ar\/tribunaldecuentas\/wp-content\/uploads\/sites\/19\/2026\/04\/IMG-20260428-WA0005-1-705x337.jpg 705w, https:\/\/web.sanjuan.gob.ar\/tribunaldecuentas\/wp-content\/uploads\/sites\/19\/2026\/04\/IMG-20260428-WA0005-1.jpg 1300w\" sizes=\"auto, (max-width: 1200px) 100vw, 1200px\" \/><\/figure>\n<\/figure>\n\n\n\n<p><\/p>\n","protected":false},"excerpt":{"rendered":"<p>Durante la jornada de hoy, el Tribunal de Cuentas de la Provincia de San Juan llev\u00f3 adelante una capacitaci\u00f3n de modernizaci\u00f3n digital. La misma estuvo orientada al manejo de herramientas inform\u00e1ticas para su P\u00e1gina Web Institucional. En el marco del compromiso con la innovaci\u00f3n y la mejora continua, la actividad busc\u00f3 incorporar nuevas habilidades para [&hellip;]<\/p>\n","protected":false},"author":39,"featured_media":1998,"comment_status":"open","ping_status":"open","sticky":false,"template":"","format":"standard","meta":{"footnotes":""},"categories":[28],"tags":[],"class_list":["post-1996","post","type-post","status-publish","format-standard","has-post-thumbnail","hentry","category-noticias"],"_links":{"self":[{"href":"https:\/\/web.sanjuan.gob.ar\/tribunaldecuentas\/wp-json\/wp\/v2\/posts\/1996","targetHints":{"allow":["GET"]}}],"collection":[{"href":"https:\/\/web.sanjuan.gob.ar\/tribunaldecuentas\/wp-json\/wp\/v2\/posts"}],"about":[{"href":"https:\/\/web.sanjuan.gob.ar\/tribunaldecuentas\/wp-json\/wp\/v2\/types\/post"}],"author":[{"embeddable":true,"href":"https:\/\/web.sanjuan.gob.ar\/tribunaldecuentas\/wp-json\/wp\/v2\/users\/39"}],"replies":[{"embeddable":true,"href":"https:\/\/web.sanjuan.gob.ar\/tribunaldecuentas\/wp-json\/wp\/v2\/comments?post=1996"}],"version-history":[{"count":1,"href":"https:\/\/web.sanjuan.gob.ar\/tribunaldecuentas\/wp-json\/wp\/v2\/posts\/1996\/revisions"}],"predecessor-version":[{"id":2004,"href":"https:\/\/web.sanjuan.gob.ar\/tribunaldecuentas\/wp-json\/wp\/v2\/posts\/1996\/revisions\/2004"}],"wp:featuredmedia":[{"embeddable":true,"href":"https:\/\/web.sanjuan.gob.ar\/tribunaldecuentas\/wp-json\/wp\/v2\/media\/1998"}],"wp:attachment":[{"href":"https:\/\/web.sanjuan.gob.ar\/tribunaldecuentas\/wp-json\/wp\/v2\/media?parent=1996"}],"wp:term":[{"taxonomy":"category","embeddable":true,"href":"https:\/\/web.sanjuan.gob.ar\/tribunaldecuentas\/wp-json\/wp\/v2\/categories?post=1996"},{"taxonomy":"post_tag","embeddable":true,"href":"https:\/\/web.sanjuan.gob.ar\/tribunaldecuentas\/wp-json\/wp\/v2\/tags?post=1996"}],"curies":[{"name":"wp","href":"https:\/\/api.w.org\/{rel}","templated":true}]}}