{"id":2005,"date":"2026-04-30T11:01:11","date_gmt":"2026-04-30T14:01:11","guid":{"rendered":"https:\/\/web.sanjuan.gob.ar\/tribunaldecuentas\/?p=2005"},"modified":"2026-04-30T11:01:14","modified_gmt":"2026-04-30T14:01:14","slug":"1-de-mayo-conmemoracion-del-dia-del-trabajador","status":"publish","type":"post","link":"https:\/\/web.sanjuan.gob.ar\/tribunaldecuentas\/2026\/04\/30\/1-de-mayo-conmemoracion-del-dia-del-trabajador\/","title":{"rendered":"1\u00b0 DE MAYO: CONMEMORACI\u00d3N DEL D\u00cdA DEL TRABAJADOR"},"content":{"rendered":"\n<p>En este D\u00eda Internacional del Trabajador, desde el Tribunal de Cuentas de la Provincia de San Juan queremos hacer llegar un especial reconocimiento a todos los trabajadores que con vocaci\u00f3n, respeto y esfuerzo contribuyen diariamente al crecimiento de nuestra comunidad.<\/p>\n\n\n\n<p>Esta fecha invita a valorar a quienes, desde cada \u00e1mbito laboral, sostienen el funcionamiento de las instituciones, fortalecen los servicios y acompa\u00f1an el desarrollo de la provincia.<\/p>\n\n\n\n<p>De manera especial, saludamos a los integrantes de este organismo, cuya presencia resulta fundamental para garantizar la transparencia, el control y el correcto uso de los recursos p\u00fablicos, pilares esenciales para una gesti\u00f3n eficiente al servicio de la ciudadan\u00eda.<\/p>\n\n\n\n<p>Hoy, renovamos nuestro reconocimiento a cada persona que, con su tarea diaria aporta al crecimiento de San Juan.<\/p>\n\n\n\n<p>Feliz D\u00eda del Trabajador.<\/p>\n","protected":false},"excerpt":{"rendered":"<p>En este D\u00eda Internacional del Trabajador, desde el Tribunal de Cuentas de la Provincia de San Juan queremos hacer llegar un especial reconocimiento a todos los trabajadores que con vocaci\u00f3n, respeto y esfuerzo contribuyen diariamente al crecimiento de nuestra comunidad. Esta fecha invita a valorar a quienes, desde cada \u00e1mbito laboral, sostienen el funcionamiento de [&hellip;]<\/p>\n","protected":false},"author":39,"featured_media":2006,"comment_status":"open","ping_status":"open","sticky":false,"template":"","format":"standard","meta":{"footnotes":""},"categories":[28],"tags":[],"class_list":["post-2005","post","type-post","status-publish","format-standard","has-post-thumbnail","hentry","category-noticias"],"_links":{"self":[{"href":"https:\/\/web.sanjuan.gob.ar\/tribunaldecuentas\/wp-json\/wp\/v2\/posts\/2005","targetHints":{"allow":["GET"]}}],"collection":[{"href":"https:\/\/web.sanjuan.gob.ar\/tribunaldecuentas\/wp-json\/wp\/v2\/posts"}],"about":[{"href":"https:\/\/web.sanjuan.gob.ar\/tribunaldecuentas\/wp-json\/wp\/v2\/types\/post"}],"author":[{"embeddable":true,"href":"https:\/\/web.sanjuan.gob.ar\/tribunaldecuentas\/wp-json\/wp\/v2\/users\/39"}],"replies":[{"embeddable":true,"href":"https:\/\/web.sanjuan.gob.ar\/tribunaldecuentas\/wp-json\/wp\/v2\/comments?post=2005"}],"version-history":[{"count":1,"href":"https:\/\/web.sanjuan.gob.ar\/tribunaldecuentas\/wp-json\/wp\/v2\/posts\/2005\/revisions"}],"predecessor-version":[{"id":2007,"href":"https:\/\/web.sanjuan.gob.ar\/tribunaldecuentas\/wp-json\/wp\/v2\/posts\/2005\/revisions\/2007"}],"wp:featuredmedia":[{"embeddable":true,"href":"https:\/\/web.sanjuan.gob.ar\/tribunaldecuentas\/wp-json\/wp\/v2\/media\/2006"}],"wp:attachment":[{"href":"https:\/\/web.sanjuan.gob.ar\/tribunaldecuentas\/wp-json\/wp\/v2\/media?parent=2005"}],"wp:term":[{"taxonomy":"category","embeddable":true,"href":"https:\/\/web.sanjuan.gob.ar\/tribunaldecuentas\/wp-json\/wp\/v2\/categories?post=2005"},{"taxonomy":"post_tag","embeddable":true,"href":"https:\/\/web.sanjuan.gob.ar\/tribunaldecuentas\/wp-json\/wp\/v2\/tags?post=2005"}],"curies":[{"name":"wp","href":"https:\/\/api.w.org\/{rel}","templated":true}]}}