{"id":949,"date":"2024-04-09T16:13:17","date_gmt":"2024-04-09T14:13:17","guid":{"rendered":"https:\/\/web.sanjuan.gob.ar\/tribunaldecuentas\/?p=949"},"modified":"2024-04-13T02:10:03","modified_gmt":"2024-04-13T00:10:03","slug":"ultimas-jornadas-sobre-rendicion-de-cuentas","status":"publish","type":"post","link":"https:\/\/web.sanjuan.gob.ar\/tribunaldecuentas\/2024\/04\/09\/ultimas-jornadas-sobre-rendicion-de-cuentas\/","title":{"rendered":"\u00daltimas Jornadas sobre Rendici\u00f3n de Cuentas"},"content":{"rendered":"<p>El martes 19 de marzo, en el Auditorio Eloy Prospero Camus del Centro Civico, tuvo lugar la apertura de las Jornadas Informativas sobre Rendici\u00f3n de Cuentas, organizadas por el Tribunal de Cuentas de la Provincia de San Juan. El evento cont\u00f3 con la presencia del Sr. Vicegobernador de la Provincia, Dr. Fabi\u00e1n Mart\u00edn, el Sr. Presidente del Tribunal de Cuentas, Dr. Pablo Garc\u00eda Nieto, el Sr. Vicepresidente Dr. Elio Frack, los Sres. Vocales Cdor. Juan Flores, Cdor. Daniel P\u00e9rez Celed\u00f3n y Cdor. Enrique Conti. Tambi\u00e9n asistieron autoridades provinciales, ministros, intendentes, concejales, funcionarios y agentes de la administraci\u00f3n p\u00fablica, as\u00ed como secretarios, fiscales, auditores y personal administrativo del Organismo de Control de la Hacienda P\u00fablica Provincial.<\/p>\n<p>El Presidente del Tribunal de Cuentas, Dr. Pablo Garc\u00eda Nieto, destac\u00f3 la importancia de las Jornadas como una herramienta para dotar a los responsables de rendir cuentas, de los conocimientos necesarios para cumplir adecuadamente con sus funciones. Subray\u00f3 que esto contribuir\u00e1 a garantizar un control efectivo y, sobre todo, permitir\u00e1 que los servidores p\u00fablicos contribuyan a construir un San Juan mejor.<br \/>\nLos primeros disertantes fueron el Sr. Secretario Relator Dr. Dante Montes, el Sr. Secretario Letrado Dr. Santiago Gim\u00e9nez Doc\u00f3n y la Sra. Administradora del Sistema de Calidad Dra. Marcela Olmos, quienes abordaron temas como naturaleza, competencia, atribuciones y deberes del Organismo, as\u00ed como la composici\u00f3n y jurisdicci\u00f3n del Tribunal de Cuentas, y aspectos relacionados con el Juicio de Cuentas.<br \/>\nLas Jornadas se extender\u00e1n los dias 20 y 21\/03, y se impartir\u00e1n conocimientos destinados a facilitar la presentaci\u00f3n documental en tiempo y forma, de los cuadros y anexos correspondientes a las rendiciones tanto en el sector publico provincial como municipal.<\/p>\n","protected":false},"excerpt":{"rendered":"<p>El martes 19 de marzo, en el Auditorio Eloy Prospero Camus del Centro Civico, tuvo lugar la apertura de las Jornadas Informativas sobre Rendici\u00f3n de Cuentas, organizadas por el Tribunal de Cuentas de la Provincia de San Juan. El evento cont\u00f3 con la presencia del Sr. Vicegobernador de la Provincia, Dr. Fabi\u00e1n Mart\u00edn, el Sr. [&hellip;]<\/p>\n","protected":false},"author":4,"featured_media":950,"comment_status":"closed","ping_status":"closed","sticky":false,"template":"","format":"standard","meta":{"footnotes":""},"categories":[27],"tags":[],"class_list":["post-949","post","type-post","status-publish","format-standard","has-post-thumbnail","hentry","category-capacitacion"],"_links":{"self":[{"href":"https:\/\/web.sanjuan.gob.ar\/tribunaldecuentas\/wp-json\/wp\/v2\/posts\/949","targetHints":{"allow":["GET"]}}],"collection":[{"href":"https:\/\/web.sanjuan.gob.ar\/tribunaldecuentas\/wp-json\/wp\/v2\/posts"}],"about":[{"href":"https:\/\/web.sanjuan.gob.ar\/tribunaldecuentas\/wp-json\/wp\/v2\/types\/post"}],"author":[{"embeddable":true,"href":"https:\/\/web.sanjuan.gob.ar\/tribunaldecuentas\/wp-json\/wp\/v2\/users\/4"}],"replies":[{"embeddable":true,"href":"https:\/\/web.sanjuan.gob.ar\/tribunaldecuentas\/wp-json\/wp\/v2\/comments?post=949"}],"version-history":[{"count":2,"href":"https:\/\/web.sanjuan.gob.ar\/tribunaldecuentas\/wp-json\/wp\/v2\/posts\/949\/revisions"}],"predecessor-version":[{"id":952,"href":"https:\/\/web.sanjuan.gob.ar\/tribunaldecuentas\/wp-json\/wp\/v2\/posts\/949\/revisions\/952"}],"wp:featuredmedia":[{"embeddable":true,"href":"https:\/\/web.sanjuan.gob.ar\/tribunaldecuentas\/wp-json\/wp\/v2\/media\/950"}],"wp:attachment":[{"href":"https:\/\/web.sanjuan.gob.ar\/tribunaldecuentas\/wp-json\/wp\/v2\/media?parent=949"}],"wp:term":[{"taxonomy":"category","embeddable":true,"href":"https:\/\/web.sanjuan.gob.ar\/tribunaldecuentas\/wp-json\/wp\/v2\/categories?post=949"},{"taxonomy":"post_tag","embeddable":true,"href":"https:\/\/web.sanjuan.gob.ar\/tribunaldecuentas\/wp-json\/wp\/v2\/tags?post=949"}],"curies":[{"name":"wp","href":"https:\/\/api.w.org\/{rel}","templated":true}]}}